{"id":4395,"date":"2019-02-19T11:05:56","date_gmt":"2019-02-19T10:05:56","guid":{"rendered":"http:\/\/hiddenprev.badkoenig-stiftung.de\/?p=4395"},"modified":"2019-02-19T20:27:29","modified_gmt":"2019-02-19T19:27:29","slug":"unsere-webseite-geht-online","status":"publish","type":"post","link":"https:\/\/www.badkoenig-stiftung.de\/?p=4395","title":{"rendered":"Unsere Webseite geht Online"},"content":{"rendered":"<p>Nun ist endlich soweit, unsere Webseite geht Online und stellt euch zuk\u00fcnftig Informationen zu Regionalen Projekten in und um Bad K\u00f6nig zur Verf\u00fcgung. Hier k\u00f6nnt ihr euch auch \u00fcber unsere Stiftung und die M\u00f6glichkeit zum Mitmachen informieren.<\/p>\n<p>Wir werden diese Seiten St\u00fcck f\u00fcr St\u00fcck mit Inhalten f\u00fcllen um Sie ausgiebig \u00fcber unsere Stiftung und die Projekte in Bad K\u00f6nig zu informieren.<\/p>\n","protected":false},"excerpt":{"rendered":"<p>Nun ist endlich soweit, unsere Webseite geht Online und stellt euch zuk\u00fcnftig Informationen zu Regionalen Projekten in und um Bad K\u00f6nig zur Verf\u00fcgung. Hier k\u00f6nnt ihr euch auch \u00fcber unsere Stiftung und die M\u00f6glichkeit zum Mitmachen informieren. Wir werden diese Seiten St\u00fcck f\u00fcr St\u00fcck mit Inhalten f\u00fcllen um Sie ausgiebig \u00fcber unsere Stiftung und die [&hellip;]<\/p>\n","protected":false},"author":1,"featured_media":4359,"comment_status":"closed","ping_status":"closed","sticky":false,"template":"","format":"standard","meta":{"sharing_disabled":false,"spay_email":"","jetpack_publicize_message":""},"categories":[1],"tags":[],"jetpack_featured_media_url":"https:\/\/www.badkoenig-stiftung.de\/wp-content\/uploads\/2018\/12\/About-Background.jpg","jetpack_publicize_connections":[],"jetpack_shortlink":"https:\/\/wp.me\/paNGwa-18T","_links":{"self":[{"href":"https:\/\/www.badkoenig-stiftung.de\/index.php?rest_route=\/wp\/v2\/posts\/4395"}],"collection":[{"href":"https:\/\/www.badkoenig-stiftung.de\/index.php?rest_route=\/wp\/v2\/posts"}],"about":[{"href":"https:\/\/www.badkoenig-stiftung.de\/index.php?rest_route=\/wp\/v2\/types\/post"}],"author":[{"embeddable":true,"href":"https:\/\/www.badkoenig-stiftung.de\/index.php?rest_route=\/wp\/v2\/users\/1"}],"replies":[{"embeddable":true,"href":"https:\/\/www.badkoenig-stiftung.de\/index.php?rest_route=%2Fwp%2Fv2%2Fcomments&post=4395"}],"version-history":[{"count":3,"href":"https:\/\/www.badkoenig-stiftung.de\/index.php?rest_route=\/wp\/v2\/posts\/4395\/revisions"}],"predecessor-version":[{"id":4403,"href":"https:\/\/www.badkoenig-stiftung.de\/index.php?rest_route=\/wp\/v2\/posts\/4395\/revisions\/4403"}],"wp:featuredmedia":[{"embeddable":true,"href":"https:\/\/www.badkoenig-stiftung.de\/index.php?rest_route=\/wp\/v2\/media\/4359"}],"wp:attachment":[{"href":"https:\/\/www.badkoenig-stiftung.de\/index.php?rest_route=%2Fwp%2Fv2%2Fmedia&parent=4395"}],"wp:term":[{"taxonomy":"category","embeddable":true,"href":"https:\/\/www.badkoenig-stiftung.de\/index.php?rest_route=%2Fwp%2Fv2%2Fcategories&post=4395"},{"taxonomy":"post_tag","embeddable":true,"href":"https:\/\/www.badkoenig-stiftung.de\/index.php?rest_route=%2Fwp%2Fv2%2Ftags&post=4395"}],"curies":[{"name":"wp","href":"https:\/\/api.w.org\/{rel}","templated":true}]}}